{"id":5891,"date":"2026-07-06T14:12:59","date_gmt":"2026-07-06T12:12:59","guid":{"rendered":"https:\/\/fundaciomambre.org\/la-consejera-monica-martinez-bravo-visita-la-llar-mambre\/"},"modified":"2026-07-06T14:23:59","modified_gmt":"2026-07-06T12:23:59","slug":"la-consejera-monica-martinez-bravo-visita-la-llar-mambre","status":"publish","type":"post","link":"https:\/\/fundaciomambre.org\/es\/la-consejera-monica-martinez-bravo-visita-la-llar-mambre\/","title":{"rendered":"La consejera M\u00f2nica Mart\u00ednez Bravo visita la Llar Mambr\u00e9"},"content":{"rendered":"\t\t<div data-elementor-type=\"wp-post\" data-elementor-id=\"5891\" class=\"elementor elementor-5891 elementor-5876\" data-elementor-post-type=\"post\">\n\t\t\t\t<div class=\"elementor-element elementor-element-9ce30de e-flex e-con-boxed e-con e-parent\" data-id=\"9ce30de\" data-element_type=\"container\" data-e-type=\"container\">\n\t\t\t\t\t<div class=\"e-con-inner\">\n\t\t\t\t<div class=\"elementor-element elementor-element-ec775a4 elementor-widget elementor-widget-text-editor\" data-id=\"ec775a4\" data-element_type=\"widget\" data-e-type=\"widget\" data-widget_type=\"text-editor.default\">\n\t\t\t\t<div class=\"elementor-widget-container\">\n\t\t\t\t\t\t\t\t\t<p>La consejera de Derechos Sociales e Inclusi\u00f3n de la Generalitat de Catalunya, M\u00f2nica Mart\u00ednez Bravo, ha visitado este 30 de junio la Llar Mambr\u00e9, un recurso de vivienda de inclusi\u00f3n destinado a ofrecer alojamiento temporal y acompa\u00f1amiento social a personas y familias en situaci\u00f3n de sinhogarismo o de exclusi\u00f3n social.<\/p><p>La visita ha sido una oportunidad para dar a conocer de primera mano el funcionamiento del recurso, los proyectos que se desarrollan y el acompa\u00f1amiento que reciben las personas usuarias en sus procesos de recuperaci\u00f3n, autonom\u00eda e inclusi\u00f3n comunitaria.<\/p><p>Desde la <strong>Fundaci\u00f3 Mambr\u00e9<\/strong> queremos agradecer a la consejera su sensibilidad, proximidad y voluntad de escucha durante toda la visita, as\u00ed como el inter\u00e9s mostrado por la realidad del sinhogarismo y por los retos que afrontan las entidades sociales que trabajan para garantizar el derecho a la vivienda.<\/p><p>Espacios de encuentro como \u00e9ste permiten compartir experiencias, generar di\u00e1logo y reforzar la colaboraci\u00f3n entre las administraciones p\u00fablicas y el tercer sector, un elemento clave para seguir avanzando hacia una sociedad m\u00e1s inclusiva y con m\u00e1s oportunidades para todos.<\/p><p>La <strong>LLar Mambr\u00e9<\/strong> es un recurso que promueve itinerarios de inclusi\u00f3n social mediante un acompa\u00f1amiento integral, ofreciendo un espacio seguro desde el que las personas pueden reconstruir su proyecto de vida y recuperar la autonom\u00eda necesaria para avanzar hacia una plena inclusi\u00f3n en la comunidad.<\/p>\t\t\t\t\t\t\t\t<\/div>\n\t\t\t\t<\/div>\n\t\t\t\t\t<\/div>\n\t\t\t\t<\/div>\n\t\t\t\t<\/div>\n\t\t","protected":false},"excerpt":{"rendered":"<p>La consejera de Derechos Sociales e Inclusi\u00f3n de la Generalitat de Cataluny, M\u00f2nica Mart\u00ednez Bravo, ha visitado este 30 de junio la Llar Mambr\u00e9, un recurso de vivienda de inclusi\u00f3n destinado a ofrecer alojamiento temporal y acompa\u00f1amiento social a personas y familias en situaci\u00f3n de sinhogarismo o de exclusi\u00f3n social.<\/p>\n","protected":false},"author":1,"featured_media":5883,"comment_status":"closed","ping_status":"closed","sticky":false,"template":"","format":"standard","meta":{"footnotes":""},"categories":[9],"tags":[],"class_list":["post-5891","post","type-post","status-publish","format-standard","has-post-thumbnail","hentry","category-sin-categoria"],"_links":{"self":[{"href":"https:\/\/fundaciomambre.org\/es\/wp-json\/wp\/v2\/posts\/5891","targetHints":{"allow":["GET"]}}],"collection":[{"href":"https:\/\/fundaciomambre.org\/es\/wp-json\/wp\/v2\/posts"}],"about":[{"href":"https:\/\/fundaciomambre.org\/es\/wp-json\/wp\/v2\/types\/post"}],"author":[{"embeddable":true,"href":"https:\/\/fundaciomambre.org\/es\/wp-json\/wp\/v2\/users\/1"}],"replies":[{"embeddable":true,"href":"https:\/\/fundaciomambre.org\/es\/wp-json\/wp\/v2\/comments?post=5891"}],"version-history":[{"count":1,"href":"https:\/\/fundaciomambre.org\/es\/wp-json\/wp\/v2\/posts\/5891\/revisions"}],"predecessor-version":[{"id":5892,"href":"https:\/\/fundaciomambre.org\/es\/wp-json\/wp\/v2\/posts\/5891\/revisions\/5892"}],"wp:featuredmedia":[{"embeddable":true,"href":"https:\/\/fundaciomambre.org\/es\/wp-json\/wp\/v2\/media\/5883"}],"wp:attachment":[{"href":"https:\/\/fundaciomambre.org\/es\/wp-json\/wp\/v2\/media?parent=5891"}],"wp:term":[{"taxonomy":"category","embeddable":true,"href":"https:\/\/fundaciomambre.org\/es\/wp-json\/wp\/v2\/categories?post=5891"},{"taxonomy":"post_tag","embeddable":true,"href":"https:\/\/fundaciomambre.org\/es\/wp-json\/wp\/v2\/tags?post=5891"}],"curies":[{"name":"wp","href":"https:\/\/api.w.org\/{rel}","templated":true}]}}